{"id":4459,"date":"2016-06-14T16:01:45","date_gmt":"2016-06-14T14:01:45","guid":{"rendered":"http:\/\/coatresa.com\/coatresa-family-day-2016\/"},"modified":"2018-04-24T11:51:10","modified_gmt":"2018-04-24T09:51:10","slug":"coatresa-family-day-2016","status":"publish","type":"post","link":"https:\/\/www.coatresa.com\/ca\/coatresa-family-day-2016\/","title":{"rendered":"Encantats de celebrar el COATRESA Family Day 2016"},"content":{"rendered":"<div id=\"pl-4459\"  class=\"panel-layout\" ><div id=\"pg-4459-0\"  class=\"panel-grid panel-has-style\" ><div style=\"padding: 0px 0; \" data-overlay=\"true\" data-overlay-color=\"#000000\" class=\"panel-row-style panel-row-style-for-4459-0\" ><div id=\"pgc-4459-0-0\"  class=\"panel-grid-cell\" ><div id=\"panel-4459-0-0-0\" class=\"so-panel widget_sow-editor panel-first-child panel-last-child\" data-index=\"0\" ><div style=\"text-align: left;\" data-title-color=\"#47425d\" data-headings-color=\"#443f3f\" data-title_alignment=\"center\" class=\"panel-widget-style panel-widget-style-for-4459-0-0-0\" ><div\n\t\t\t\n\t\t\tclass=\"so-widget-sow-editor so-widget-sow-editor-base\"\n\t\t\t\n\t\t>\n<div class=\"siteorigin-widget-tinymce textwidget\">\n\t<div>El passat diumenge 12 de juny es va celebrar el COATRESA Family Day 2016 a les instal\u00b7lacions de recobriments antiadherents de Barcelona.<\/div>\n<div><\/div>\n<div>COATRESA va voler donar les gr\u00e0cies d'aquesta manera a tot el recolzament dels treballadors i de les seves fam\u00edlies obrint-los les portes dels seus llocs de treball. A COATRESA sabem que la feina \u00e9s on passem la part m\u00e9s important del nostre temps i no oblidem que la fam\u00edlia \u00e9s la part primordial del seu benestar, per aquest motiu vam voler que ambdues parts es coneguessin i passessin un dia dist\u00e8s i alegre.<\/div>\n<h2>Visita del lloc de treball<\/h2>\n<p style=\"text-align: justify;\">El mat\u00ed es va destinar a con\u00e9ixer tant les plantes de tractament de superf\u00edcies i d'aplicaci\u00f3 de recobriments antiadherents com les oficines de la seu i per aix\u00f2 vam organitzar visites guiades i una breu explicaci\u00f3 de les nostres activitats. Cada treballador va poder mostrar el seu lloc de treball i presentar a la seva fam\u00edlia els seus companys de treball.<\/p>\n<h2>Moment pel relax<\/h2>\n<div>Despr\u00e9s de les visites, ens vam reunir en un restaurant de la zona per poder disfrutar d'un \u00e0pat informal i desenfadat amb un clima immillorable. COATRESA va voler mimar els petits de la casa i va organitzar tant el seu \u00e0pat com unes activitats especialment per a ells, mentre els adults van poder deixar-los al seu aire gr\u00e0cies a l'atenci\u00f3 d'uns monitors estupends. La sensaci\u00f3 indiscutible van ser dos enormes castells inflables que van encantar (i van esgotar) els m\u00e9s petits, juntament amb altres activitats infantils.<\/div>\n<div><\/div>\n<div>Durant l'\u00e0pat, la Direcci\u00f3 va agrair a tota la plantilla l'assist\u00e8ncia a aquell exit\u00f3s COATRESA Family Day 2016 i va voler a m\u00e9s a m\u00e9s homenatjar un treballador de molta antiguitat, que aquest any es jubilar\u00e0, oferint-li un present i unes paraules molt emotives.<\/div>\n<div><\/div>\n<div>Esperem que COATRESA pugui celebrar molt\u00edssims Family Day m\u00e9s gr\u00e0cies a la il\u00b7lusi\u00f3 i l'esfor\u00e7 dels nostres treballadors. Moltes gr\u00e0cies a totes i tots!!!<\/div>\n<\/div>\n<\/div><\/div><\/div><\/div><\/div><\/div><\/div>","protected":false},"excerpt":{"rendered":"<p>El passat diumenge 12 de juny es va celebrar el COATRESA Family Day 2016 a les instal\u00b7lacions de recobriments antiadherents de Barcelona. [&hellip;]<\/p>\n","protected":false},"author":1,"featured_media":11143,"comment_status":"closed","ping_status":"closed","sticky":false,"template":"","format":"standard","meta":{"footnotes":""},"categories":[50],"tags":[],"class_list":["post-4459","post","type-post","status-publish","format-standard","has-post-thumbnail","hentry","category-noticies"],"yoast_head":"<!-- This site is optimized with the Yoast SEO plugin v28.3 - https:\/\/yoast.com\/product\/yoast-seo-wordpress\/ -->\n<title>Encantats de celebrar el COATRESA Family Day 2016 - Coatresa<\/title>\n<meta name=\"description\" content=\"El passat diumenge 12 de juny es va celebrar el COATRESA Family Day 2016 a les seves instal\u00b7lacions de recobriments antiadherents de Barcelona.\" \/>\n<meta name=\"robots\" content=\"index, follow, max-snippet:-1, max-image-preview:large, max-video-preview:-1\" \/>\n<link rel=\"canonical\" href=\"https:\/\/www.coatresa.com\/ca\/coatresa-family-day-2016\/\" \/>\n<meta property=\"og:locale\" content=\"ca_ES\" \/>\n<meta property=\"og:type\" content=\"article\" \/>\n<meta property=\"og:title\" content=\"Encantats de celebrar el COATRESA Family Day 2016 - Coatresa\" \/>\n<meta property=\"og:description\" content=\"El passat diumenge 12 de juny es va celebrar el COATRESA Family Day 2016 a les seves instal\u00b7lacions de recobriments antiadherents de Barcelona.\" \/>\n<meta property=\"og:url\" content=\"https:\/\/www.coatresa.com\/ca\/coatresa-family-day-2016\/\" \/>\n<meta property=\"og:site_name\" content=\"Coatresa\" \/>\n<meta property=\"article:publisher\" content=\"https:\/\/www.facebook.com\/Coatresa\/\" \/>\n<meta property=\"article:published_time\" content=\"2016-06-14T14:01:45+00:00\" \/>\n<meta property=\"article:modified_time\" content=\"2018-04-24T09:51:10+00:00\" \/>\n<meta property=\"og:image\" content=\"https:\/\/www.coatresa.com\/wp-content\/uploads\/2018\/04\/coatresa-family-day.jpeg\" \/>\n\t<meta property=\"og:image:width\" content=\"940\" \/>\n\t<meta property=\"og:image:height\" content=\"536\" \/>\n\t<meta property=\"og:image:type\" content=\"image\/jpeg\" \/>\n<meta name=\"author\" content=\"Coatresa\" \/>\n<meta name=\"twitter:card\" content=\"summary_large_image\" \/>\n<meta name=\"twitter:creator\" content=\"@Coatresa\" \/>\n<meta name=\"twitter:site\" content=\"@Coatresa\" \/>\n<meta name=\"twitter:label1\" content=\"Written by\" \/>\n\t<meta name=\"twitter:data1\" content=\"Coatresa\" \/>\n\t<meta name=\"twitter:label2\" content=\"Est. reading time\" \/>\n\t<meta name=\"twitter:data2\" content=\"2 minutes\" \/>\n<script type=\"application\/ld+json\" class=\"yoast-schema-graph\">{\"@context\":\"https:\\\/\\\/schema.org\",\"@graph\":[{\"@type\":\"Article\",\"@id\":\"https:\\\/\\\/www.coatresa.com\\\/ca\\\/coatresa-family-day-2016\\\/#article\",\"isPartOf\":{\"@id\":\"https:\\\/\\\/www.coatresa.com\\\/ca\\\/coatresa-family-day-2016\\\/\"},\"author\":{\"name\":\"Coatresa\",\"@id\":\"https:\\\/\\\/www.coatresa.com\\\/ca\\\/#\\\/schema\\\/person\\\/6dbf2e1438ec6835921cfaad8fafa9a0\"},\"headline\":\"Encantats de celebrar el COATRESA Family Day 2016\",\"datePublished\":\"2016-06-14T14:01:45+00:00\",\"dateModified\":\"2018-04-24T09:51:10+00:00\",\"mainEntityOfPage\":{\"@id\":\"https:\\\/\\\/www.coatresa.com\\\/ca\\\/coatresa-family-day-2016\\\/\"},\"wordCount\":351,\"publisher\":{\"@id\":\"https:\\\/\\\/www.coatresa.com\\\/ca\\\/#organization\"},\"image\":{\"@id\":\"https:\\\/\\\/www.coatresa.com\\\/ca\\\/coatresa-family-day-2016\\\/#primaryimage\"},\"thumbnailUrl\":\"https:\\\/\\\/www.coatresa.com\\\/wp-content\\\/uploads\\\/2018\\\/04\\\/coatresa-family-day.jpeg\",\"articleSection\":[\"Not\u00edcies\"],\"inLanguage\":\"ca-ES\"},{\"@type\":\"WebPage\",\"@id\":\"https:\\\/\\\/www.coatresa.com\\\/ca\\\/coatresa-family-day-2016\\\/\",\"url\":\"https:\\\/\\\/www.coatresa.com\\\/ca\\\/coatresa-family-day-2016\\\/\",\"name\":\"Encantats de celebrar el COATRESA Family Day 2016 - Coatresa\",\"isPartOf\":{\"@id\":\"https:\\\/\\\/www.coatresa.com\\\/ca\\\/#website\"},\"primaryImageOfPage\":{\"@id\":\"https:\\\/\\\/www.coatresa.com\\\/ca\\\/coatresa-family-day-2016\\\/#primaryimage\"},\"image\":{\"@id\":\"https:\\\/\\\/www.coatresa.com\\\/ca\\\/coatresa-family-day-2016\\\/#primaryimage\"},\"thumbnailUrl\":\"https:\\\/\\\/www.coatresa.com\\\/wp-content\\\/uploads\\\/2018\\\/04\\\/coatresa-family-day.jpeg\",\"datePublished\":\"2016-06-14T14:01:45+00:00\",\"dateModified\":\"2018-04-24T09:51:10+00:00\",\"description\":\"El passat diumenge 12 de juny es va celebrar el COATRESA Family Day 2016 a les seves instal\u00b7lacions de recobriments antiadherents de Barcelona.\",\"breadcrumb\":{\"@id\":\"https:\\\/\\\/www.coatresa.com\\\/ca\\\/coatresa-family-day-2016\\\/#breadcrumb\"},\"inLanguage\":\"ca-ES\",\"potentialAction\":[{\"@type\":\"ReadAction\",\"target\":[\"https:\\\/\\\/www.coatresa.com\\\/ca\\\/coatresa-family-day-2016\\\/\"]}]},{\"@type\":\"ImageObject\",\"inLanguage\":\"ca-ES\",\"@id\":\"https:\\\/\\\/www.coatresa.com\\\/ca\\\/coatresa-family-day-2016\\\/#primaryimage\",\"url\":\"https:\\\/\\\/www.coatresa.com\\\/wp-content\\\/uploads\\\/2018\\\/04\\\/coatresa-family-day.jpeg\",\"contentUrl\":\"https:\\\/\\\/www.coatresa.com\\\/wp-content\\\/uploads\\\/2018\\\/04\\\/coatresa-family-day.jpeg\",\"width\":940,\"height\":536},{\"@type\":\"BreadcrumbList\",\"@id\":\"https:\\\/\\\/www.coatresa.com\\\/ca\\\/coatresa-family-day-2016\\\/#breadcrumb\",\"itemListElement\":[{\"@type\":\"ListItem\",\"position\":1,\"name\":\"Portada\",\"item\":\"https:\\\/\\\/www.coatresa.com\\\/ca\\\/\"},{\"@type\":\"ListItem\",\"position\":2,\"name\":\"Encantats de celebrar el COATRESA Family Day 2016\"}]},{\"@type\":\"WebSite\",\"@id\":\"https:\\\/\\\/www.coatresa.com\\\/ca\\\/#website\",\"url\":\"https:\\\/\\\/www.coatresa.com\\\/ca\\\/\",\"name\":\"Coatresa\",\"description\":\"Aplicaci\u00f3n de recubrimientos antiadherentes y anticorrosivos como el Teflon. Expertos del Powder Coating\",\"publisher\":{\"@id\":\"https:\\\/\\\/www.coatresa.com\\\/ca\\\/#organization\"},\"potentialAction\":[{\"@type\":\"SearchAction\",\"target\":{\"@type\":\"EntryPoint\",\"urlTemplate\":\"https:\\\/\\\/www.coatresa.com\\\/ca\\\/?s={search_term_string}\"},\"query-input\":{\"@type\":\"PropertyValueSpecification\",\"valueRequired\":true,\"valueName\":\"search_term_string\"}}],\"inLanguage\":\"ca-ES\"},{\"@type\":\"Organization\",\"@id\":\"https:\\\/\\\/www.coatresa.com\\\/ca\\\/#organization\",\"name\":\"Coatresa\",\"url\":\"https:\\\/\\\/www.coatresa.com\\\/ca\\\/\",\"logo\":{\"@type\":\"ImageObject\",\"inLanguage\":\"ca-ES\",\"@id\":\"https:\\\/\\\/www.coatresa.com\\\/ca\\\/#\\\/schema\\\/logo\\\/image\\\/\",\"url\":\"https:\\\/\\\/www.coatresa.com\\\/wp-content\\\/uploads\\\/2022\\\/07\\\/A_blava_mitja_transp.png\",\"contentUrl\":\"https:\\\/\\\/www.coatresa.com\\\/wp-content\\\/uploads\\\/2022\\\/07\\\/A_blava_mitja_transp.png\",\"width\":340,\"height\":326,\"caption\":\"Coatresa\"},\"image\":{\"@id\":\"https:\\\/\\\/www.coatresa.com\\\/ca\\\/#\\\/schema\\\/logo\\\/image\\\/\"},\"sameAs\":[\"https:\\\/\\\/www.facebook.com\\\/Coatresa\\\/\",\"https:\\\/\\\/x.com\\\/Coatresa\",\"https:\\\/\\\/www.linkedin.com\\\/company\\\/coatresa\\\/\",\"https:\\\/\\\/www.youtube.com\\\/user\\\/CoatresaCoatings\"]},{\"@type\":\"Person\",\"@id\":\"https:\\\/\\\/www.coatresa.com\\\/ca\\\/#\\\/schema\\\/person\\\/6dbf2e1438ec6835921cfaad8fafa9a0\",\"name\":\"Coatresa\",\"image\":{\"@type\":\"ImageObject\",\"inLanguage\":\"ca-ES\",\"@id\":\"https:\\\/\\\/secure.gravatar.com\\\/avatar\\\/5aa173ad45fd7402cdbb62321ef07e44c5317564fd560041934dc3c510844b1c?s=96&d=mm&r=g\",\"url\":\"https:\\\/\\\/secure.gravatar.com\\\/avatar\\\/5aa173ad45fd7402cdbb62321ef07e44c5317564fd560041934dc3c510844b1c?s=96&d=mm&r=g\",\"contentUrl\":\"https:\\\/\\\/secure.gravatar.com\\\/avatar\\\/5aa173ad45fd7402cdbb62321ef07e44c5317564fd560041934dc3c510844b1c?s=96&d=mm&r=g\",\"caption\":\"Coatresa\"}}]}<\/script>\n<!-- \/ Yoast SEO plugin. -->","yoast_head_json":{"title":"Encantats de celebrar el COATRESA Family Day 2016 - Coatresa","description":"El passat diumenge 12 de juny es va celebrar el COATRESA Family Day 2016 a les seves instal\u00b7lacions de recobriments antiadherents de Barcelona.","robots":{"index":"index","follow":"follow","max-snippet":"max-snippet:-1","max-image-preview":"max-image-preview:large","max-video-preview":"max-video-preview:-1"},"canonical":"https:\/\/www.coatresa.com\/ca\/coatresa-family-day-2016\/","og_locale":"ca_ES","og_type":"article","og_title":"Encantats de celebrar el COATRESA Family Day 2016 - Coatresa","og_description":"El passat diumenge 12 de juny es va celebrar el COATRESA Family Day 2016 a les seves instal\u00b7lacions de recobriments antiadherents de Barcelona.","og_url":"https:\/\/www.coatresa.com\/ca\/coatresa-family-day-2016\/","og_site_name":"Coatresa","article_publisher":"https:\/\/www.facebook.com\/Coatresa\/","article_published_time":"2016-06-14T14:01:45+00:00","article_modified_time":"2018-04-24T09:51:10+00:00","og_image":[{"width":940,"height":536,"url":"https:\/\/www.coatresa.com\/wp-content\/uploads\/2018\/04\/coatresa-family-day.jpeg","type":"image\/jpeg"}],"author":"Coatresa","twitter_card":"summary_large_image","twitter_creator":"@Coatresa","twitter_site":"@Coatresa","twitter_misc":{"Written by":"Coatresa","Est. reading time":"2 minutes"},"schema":{"@context":"https:\/\/schema.org","@graph":[{"@type":"Article","@id":"https:\/\/www.coatresa.com\/ca\/coatresa-family-day-2016\/#article","isPartOf":{"@id":"https:\/\/www.coatresa.com\/ca\/coatresa-family-day-2016\/"},"author":{"name":"Coatresa","@id":"https:\/\/www.coatresa.com\/ca\/#\/schema\/person\/6dbf2e1438ec6835921cfaad8fafa9a0"},"headline":"Encantats de celebrar el COATRESA Family Day 2016","datePublished":"2016-06-14T14:01:45+00:00","dateModified":"2018-04-24T09:51:10+00:00","mainEntityOfPage":{"@id":"https:\/\/www.coatresa.com\/ca\/coatresa-family-day-2016\/"},"wordCount":351,"publisher":{"@id":"https:\/\/www.coatresa.com\/ca\/#organization"},"image":{"@id":"https:\/\/www.coatresa.com\/ca\/coatresa-family-day-2016\/#primaryimage"},"thumbnailUrl":"https:\/\/www.coatresa.com\/wp-content\/uploads\/2018\/04\/coatresa-family-day.jpeg","articleSection":["Not\u00edcies"],"inLanguage":"ca-ES"},{"@type":"WebPage","@id":"https:\/\/www.coatresa.com\/ca\/coatresa-family-day-2016\/","url":"https:\/\/www.coatresa.com\/ca\/coatresa-family-day-2016\/","name":"Encantats de celebrar el COATRESA Family Day 2016 - Coatresa","isPartOf":{"@id":"https:\/\/www.coatresa.com\/ca\/#website"},"primaryImageOfPage":{"@id":"https:\/\/www.coatresa.com\/ca\/coatresa-family-day-2016\/#primaryimage"},"image":{"@id":"https:\/\/www.coatresa.com\/ca\/coatresa-family-day-2016\/#primaryimage"},"thumbnailUrl":"https:\/\/www.coatresa.com\/wp-content\/uploads\/2018\/04\/coatresa-family-day.jpeg","datePublished":"2016-06-14T14:01:45+00:00","dateModified":"2018-04-24T09:51:10+00:00","description":"El passat diumenge 12 de juny es va celebrar el COATRESA Family Day 2016 a les seves instal\u00b7lacions de recobriments antiadherents de Barcelona.","breadcrumb":{"@id":"https:\/\/www.coatresa.com\/ca\/coatresa-family-day-2016\/#breadcrumb"},"inLanguage":"ca-ES","potentialAction":[{"@type":"ReadAction","target":["https:\/\/www.coatresa.com\/ca\/coatresa-family-day-2016\/"]}]},{"@type":"ImageObject","inLanguage":"ca-ES","@id":"https:\/\/www.coatresa.com\/ca\/coatresa-family-day-2016\/#primaryimage","url":"https:\/\/www.coatresa.com\/wp-content\/uploads\/2018\/04\/coatresa-family-day.jpeg","contentUrl":"https:\/\/www.coatresa.com\/wp-content\/uploads\/2018\/04\/coatresa-family-day.jpeg","width":940,"height":536},{"@type":"BreadcrumbList","@id":"https:\/\/www.coatresa.com\/ca\/coatresa-family-day-2016\/#breadcrumb","itemListElement":[{"@type":"ListItem","position":1,"name":"Portada","item":"https:\/\/www.coatresa.com\/ca\/"},{"@type":"ListItem","position":2,"name":"Encantats de celebrar el COATRESA Family Day 2016"}]},{"@type":"WebSite","@id":"https:\/\/www.coatresa.com\/ca\/#website","url":"https:\/\/www.coatresa.com\/ca\/","name":"Coatresa","description":"Aplicaci\u00f3n de recubrimientos antiadherentes y anticorrosivos como el Teflon. Expertos del Powder Coating","publisher":{"@id":"https:\/\/www.coatresa.com\/ca\/#organization"},"potentialAction":[{"@type":"SearchAction","target":{"@type":"EntryPoint","urlTemplate":"https:\/\/www.coatresa.com\/ca\/?s={search_term_string}"},"query-input":{"@type":"PropertyValueSpecification","valueRequired":true,"valueName":"search_term_string"}}],"inLanguage":"ca-ES"},{"@type":"Organization","@id":"https:\/\/www.coatresa.com\/ca\/#organization","name":"Coatresa","url":"https:\/\/www.coatresa.com\/ca\/","logo":{"@type":"ImageObject","inLanguage":"ca-ES","@id":"https:\/\/www.coatresa.com\/ca\/#\/schema\/logo\/image\/","url":"https:\/\/www.coatresa.com\/wp-content\/uploads\/2022\/07\/A_blava_mitja_transp.png","contentUrl":"https:\/\/www.coatresa.com\/wp-content\/uploads\/2022\/07\/A_blava_mitja_transp.png","width":340,"height":326,"caption":"Coatresa"},"image":{"@id":"https:\/\/www.coatresa.com\/ca\/#\/schema\/logo\/image\/"},"sameAs":["https:\/\/www.facebook.com\/Coatresa\/","https:\/\/x.com\/Coatresa","https:\/\/www.linkedin.com\/company\/coatresa\/","https:\/\/www.youtube.com\/user\/CoatresaCoatings"]},{"@type":"Person","@id":"https:\/\/www.coatresa.com\/ca\/#\/schema\/person\/6dbf2e1438ec6835921cfaad8fafa9a0","name":"Coatresa","image":{"@type":"ImageObject","inLanguage":"ca-ES","@id":"https:\/\/secure.gravatar.com\/avatar\/5aa173ad45fd7402cdbb62321ef07e44c5317564fd560041934dc3c510844b1c?s=96&d=mm&r=g","url":"https:\/\/secure.gravatar.com\/avatar\/5aa173ad45fd7402cdbb62321ef07e44c5317564fd560041934dc3c510844b1c?s=96&d=mm&r=g","contentUrl":"https:\/\/secure.gravatar.com\/avatar\/5aa173ad45fd7402cdbb62321ef07e44c5317564fd560041934dc3c510844b1c?s=96&d=mm&r=g","caption":"Coatresa"}}]}},"_links":{"self":[{"href":"https:\/\/www.coatresa.com\/ca\/wp-json\/wp\/v2\/posts\/4459","targetHints":{"allow":["GET"]}}],"collection":[{"href":"https:\/\/www.coatresa.com\/ca\/wp-json\/wp\/v2\/posts"}],"about":[{"href":"https:\/\/www.coatresa.com\/ca\/wp-json\/wp\/v2\/types\/post"}],"author":[{"embeddable":true,"href":"https:\/\/www.coatresa.com\/ca\/wp-json\/wp\/v2\/users\/1"}],"replies":[{"embeddable":true,"href":"https:\/\/www.coatresa.com\/ca\/wp-json\/wp\/v2\/comments?post=4459"}],"version-history":[{"count":0,"href":"https:\/\/www.coatresa.com\/ca\/wp-json\/wp\/v2\/posts\/4459\/revisions"}],"wp:featuredmedia":[{"embeddable":true,"href":"https:\/\/www.coatresa.com\/ca\/wp-json\/wp\/v2\/media\/11143"}],"wp:attachment":[{"href":"https:\/\/www.coatresa.com\/ca\/wp-json\/wp\/v2\/media?parent=4459"}],"wp:term":[{"taxonomy":"category","embeddable":true,"href":"https:\/\/www.coatresa.com\/ca\/wp-json\/wp\/v2\/categories?post=4459"},{"taxonomy":"post_tag","embeddable":true,"href":"https:\/\/www.coatresa.com\/ca\/wp-json\/wp\/v2\/tags?post=4459"}],"curies":[{"name":"wp","href":"https:\/\/api.w.org\/{rel}","templated":true}]}}